{"id":338,"date":"2024-02-20T18:31:18","date_gmt":"2024-02-20T18:31:18","guid":{"rendered":"https:\/\/rgzv-radevormwald.de\/?p=338"},"modified":"2024-02-20T18:31:18","modified_gmt":"2024-02-20T18:31:18","slug":"ein-jahr-geht-schnell-vorueber","status":"publish","type":"post","link":"https:\/\/rgzv-radevormwald.de\/?p=338","title":{"rendered":"Ein Jahr geht schnell vor\u00fcber&#8230;"},"content":{"rendered":"\n<p>Vereinsaktivit\u00e4ten 2023 &#8211; ein kurzer R\u00fcckblick<\/p>\n\n\n\n<p>Bevor auf der Jahreshauptversammlung im M\u00e4rz 2024 die neuen Programmpunkte der Vereinsaktivit\u00e4ten besprochen und gegebenenfalls festgelegt werden, m\u00f6chte ich in diesem Bericht einmal auf einige Aktivit\u00e4ten und gemeinsame Veranstaltungen der Vergangenheit im Jahre 2023 zur\u00fcck schauen.<\/p>\n\n\n\n<p>Die Eierschau am 1. Mai, die Aktion P\u00f6tte sp\u00fclen und der Vereinsausflug nach Kommern waren bereits Thema in Berichten. Es gab aber zum Jahresende noch eine erw\u00e4hnenswerte Vereinsversammlung, einen Gefl\u00fcgelausstellungsbesuch in der Heedfelder M\u00fchle in Halver im November und nat\u00fcrlich die Vereins-Tierbesprechung Anfang Oktober.<\/p>\n\n\n\n<p><\/p>\n\n\n\n<p><strong>Mitgliederversammlung im Dezember<\/strong> <strong>2023<\/strong><\/p>\n\n\n\n<figure class=\"wp-block-image size-full\"><img loading=\"lazy\" decoding=\"async\" width=\"1024\" height=\"768\" src=\"https:\/\/rgzv-radevormwald.de\/wp-content\/uploads\/2024\/02\/kl_IMG-20231215-WA0042.jpg\" alt=\"\" class=\"wp-image-346\" srcset=\"https:\/\/rgzv-radevormwald.de\/wp-content\/uploads\/2024\/02\/kl_IMG-20231215-WA0042.jpg 1024w, https:\/\/rgzv-radevormwald.de\/wp-content\/uploads\/2024\/02\/kl_IMG-20231215-WA0042-300x225.jpg 300w, https:\/\/rgzv-radevormwald.de\/wp-content\/uploads\/2024\/02\/kl_IMG-20231215-WA0042-768x576.jpg 768w\" sizes=\"(max-width: 1024px) 100vw, 1024px\" \/><\/figure>\n\n\n\n<p>Dort gab es so etwas wie eine kleine Weihnachtsfeier. Man kl\u00f6nte in gem\u00fctlicher Runde. So wie dem nicht anwesenden Berichterstatter zugetragen wurde, war das Treffen sehr konstruktiv und brachte einige Ideen f\u00fcr k\u00fcnftige Aktivit\u00e4ten des Vereins hervor. Den 1. Vorsitzenden hat das sehr gefreut. Sogar der Nikolaus war im Freizeitparadies Beverblick dabei. Zumindest in schokoladenform. Zus\u00e4tzlich war das eine oder andere Vereinsmitglied festlich geschm\u00fcckt erschienen. Der erste Vorsitzende nutzte die Gelegenheit Lore Sieberg und Ulrich Freitag f\u00fcr eine 20-j\u00e4hrige Mitgliedschaft im Verein mit Urkunde und Nadel des BDRG in Silber zu ehren.<\/p>\n\n\n\n<figure class=\"wp-block-image size-full\"><img loading=\"lazy\" decoding=\"async\" width=\"1024\" height=\"768\" src=\"https:\/\/rgzv-radevormwald.de\/wp-content\/uploads\/2024\/02\/kl_IMG-20231215-WA0025.jpg\" alt=\"\" class=\"wp-image-347\" srcset=\"https:\/\/rgzv-radevormwald.de\/wp-content\/uploads\/2024\/02\/kl_IMG-20231215-WA0025.jpg 1024w, https:\/\/rgzv-radevormwald.de\/wp-content\/uploads\/2024\/02\/kl_IMG-20231215-WA0025-300x225.jpg 300w, https:\/\/rgzv-radevormwald.de\/wp-content\/uploads\/2024\/02\/kl_IMG-20231215-WA0025-768x576.jpg 768w\" sizes=\"(max-width: 1024px) 100vw, 1024px\" \/><\/figure>\n\n\n\n<p><\/p>\n\n\n\n<p><strong>Gefl\u00fcgelausstellung in Halver<\/strong><\/p>\n\n\n\n<figure class=\"wp-block-image size-full\"><img loading=\"lazy\" decoding=\"async\" width=\"1024\" height=\"576\" src=\"https:\/\/rgzv-radevormwald.de\/wp-content\/uploads\/2024\/02\/kl_DJI_0414-1.jpg\" alt=\"\" class=\"wp-image-353\" srcset=\"https:\/\/rgzv-radevormwald.de\/wp-content\/uploads\/2024\/02\/kl_DJI_0414-1.jpg 1024w, https:\/\/rgzv-radevormwald.de\/wp-content\/uploads\/2024\/02\/kl_DJI_0414-1-300x169.jpg 300w, https:\/\/rgzv-radevormwald.de\/wp-content\/uploads\/2024\/02\/kl_DJI_0414-1-768x432.jpg 768w\" sizes=\"(max-width: 1024px) 100vw, 1024px\" \/><\/figure>\n\n\n\n<p>In der Heesfelder M\u00fchle hatte der Verein RGZV Carthausen am 18 November 2023 seine Rassegefl\u00fcgelausstellung durchgef\u00fchrt. Nach dem Motto &#8211; &#8220; willst du Besuch zu eigenen Veranstaltungen, muss du auch deren Ereignisse besuchen&#8220; &#8211; machten sich zwei Personen des RGZV Radevormwald auf. Sie besuchten die kleine, aber feine Ausstellung in einem Nebengeb\u00e4ude einer alten Wasserm\u00fchle. Neben altbekannten Gefl\u00fcgelarten und Rassen waren auch Andalusier zu sehen. Eine stark vom Aussterben bedrohte Rasse.<\/p>\n\n\n\n<figure class=\"wp-block-image size-full\"><img loading=\"lazy\" decoding=\"async\" width=\"1024\" height=\"576\" src=\"https:\/\/rgzv-radevormwald.de\/wp-content\/uploads\/2024\/02\/kl_DJI_0404.jpg\" alt=\"\" class=\"wp-image-351\" srcset=\"https:\/\/rgzv-radevormwald.de\/wp-content\/uploads\/2024\/02\/kl_DJI_0404.jpg 1024w, https:\/\/rgzv-radevormwald.de\/wp-content\/uploads\/2024\/02\/kl_DJI_0404-300x169.jpg 300w, https:\/\/rgzv-radevormwald.de\/wp-content\/uploads\/2024\/02\/kl_DJI_0404-768x432.jpg 768w\" sizes=\"(max-width: 1024px) 100vw, 1024px\" \/><\/figure>\n\n\n\n<figure class=\"wp-block-image size-full\"><img loading=\"lazy\" decoding=\"async\" width=\"1024\" height=\"577\" src=\"https:\/\/rgzv-radevormwald.de\/wp-content\/uploads\/2024\/02\/kl_20231118_144717.jpg\" alt=\"\" class=\"wp-image-364\" srcset=\"https:\/\/rgzv-radevormwald.de\/wp-content\/uploads\/2024\/02\/kl_20231118_144717.jpg 1024w, https:\/\/rgzv-radevormwald.de\/wp-content\/uploads\/2024\/02\/kl_20231118_144717-300x169.jpg 300w, https:\/\/rgzv-radevormwald.de\/wp-content\/uploads\/2024\/02\/kl_20231118_144717-768x433.jpg 768w\" sizes=\"(max-width: 1024px) 100vw, 1024px\" \/><\/figure>\n\n\n\n<p>Die M\u00fchle dort ist auch zu normalen Zeiten einen Besuch wert. Das Wasserrad ist in Funktion und einen Bioladen mit leckerem K\u00e4se und ander K\u00f6stlichkeiten gibts dort auch.<\/p>\n\n\n\n<p><\/p>\n\n\n\n<p><strong>Tierbesprechung in Kottmannshausen an der Garteneisenbahn<\/strong><\/p>\n\n\n\n<figure class=\"wp-block-image size-full\"><img loading=\"lazy\" decoding=\"async\" width=\"1024\" height=\"577\" src=\"https:\/\/rgzv-radevormwald.de\/wp-content\/uploads\/2024\/02\/kl_20231007_122812.jpg\" alt=\"\" class=\"wp-image-359\" srcset=\"https:\/\/rgzv-radevormwald.de\/wp-content\/uploads\/2024\/02\/kl_20231007_122812.jpg 1024w, https:\/\/rgzv-radevormwald.de\/wp-content\/uploads\/2024\/02\/kl_20231007_122812-300x169.jpg 300w, https:\/\/rgzv-radevormwald.de\/wp-content\/uploads\/2024\/02\/kl_20231007_122812-768x433.jpg 768w\" sizes=\"(max-width: 1024px) 100vw, 1024px\" \/><\/figure>\n\n\n\n<p>In diesem Jahr waren vier Gro\u00dfrassen und 6 Zwergrassen zur Besprechung am 7. Oktober 2023 mitgebracht worden. An der Besprechung nahm neben den Radevormwaldern ein Z\u00fcchter aus der Nachbarstadt H\u00fcckeswagen mit einigen seiner Tiere teil.<br>W\u00e4hrend im Tal hinter der Scheune die Lokomotiven ihre Runden drehten, wurden oben die vorgestellten  Tiere vom Preisrichter Franz Nuber begutachtet. Da von jeder Rasse vier Tiere vorhanden waren, dauerte die Besprechung fast drei Stunden. Das vorgestellte Tiermaterial war im Schnitt gegen\u00fcber dem letzten Jahr wieder verbessert, bescheinigte Nuber den Z\u00fcchtern  RGZV Radevormwald.<\/p>\n\n\n\n<figure class=\"wp-block-image size-full\"><img loading=\"lazy\" decoding=\"async\" width=\"1024\" height=\"577\" src=\"https:\/\/rgzv-radevormwald.de\/wp-content\/uploads\/2024\/02\/kl_20231007_122802-1.jpg\" alt=\"\" class=\"wp-image-358\" srcset=\"https:\/\/rgzv-radevormwald.de\/wp-content\/uploads\/2024\/02\/kl_20231007_122802-1.jpg 1024w, https:\/\/rgzv-radevormwald.de\/wp-content\/uploads\/2024\/02\/kl_20231007_122802-1-300x169.jpg 300w, https:\/\/rgzv-radevormwald.de\/wp-content\/uploads\/2024\/02\/kl_20231007_122802-1-768x433.jpg 768w\" sizes=\"(max-width: 1024px) 100vw, 1024px\" \/><\/figure>\n\n\n\n<p>F\u00fcr angehende Z\u00fcchterinnen oder Z\u00fcchter bzw. f\u00fcr angehende Lokf\u00fchrerinnen oder Lokf\u00fchrer gab es ein Rahmenprogramm in Form von Basteln und Malen. Diese Aktion zur F\u00f6rderung des Nachwuchses organisierten Ulrike Zech und Marion Fullriede.<\/p>\n\n\n\n<figure class=\"wp-block-image size-full\"><img loading=\"lazy\" decoding=\"async\" width=\"1024\" height=\"577\" src=\"https:\/\/rgzv-radevormwald.de\/wp-content\/uploads\/2024\/02\/kl_20231007_110215.jpg\" alt=\"\" class=\"wp-image-360\" srcset=\"https:\/\/rgzv-radevormwald.de\/wp-content\/uploads\/2024\/02\/kl_20231007_110215.jpg 1024w, https:\/\/rgzv-radevormwald.de\/wp-content\/uploads\/2024\/02\/kl_20231007_110215-300x169.jpg 300w, https:\/\/rgzv-radevormwald.de\/wp-content\/uploads\/2024\/02\/kl_20231007_110215-768x433.jpg 768w\" sizes=\"(max-width: 1024px) 100vw, 1024px\" \/><\/figure>\n\n\n\n<figure class=\"wp-block-image size-full\"><img loading=\"lazy\" decoding=\"async\" width=\"1024\" height=\"577\" src=\"https:\/\/rgzv-radevormwald.de\/wp-content\/uploads\/2024\/02\/kl_20231007_110232.jpg\" alt=\"\" class=\"wp-image-361\" srcset=\"https:\/\/rgzv-radevormwald.de\/wp-content\/uploads\/2024\/02\/kl_20231007_110232.jpg 1024w, https:\/\/rgzv-radevormwald.de\/wp-content\/uploads\/2024\/02\/kl_20231007_110232-300x169.jpg 300w, https:\/\/rgzv-radevormwald.de\/wp-content\/uploads\/2024\/02\/kl_20231007_110232-768x433.jpg 768w\" sizes=\"(max-width: 1024px) 100vw, 1024px\" \/><\/figure>\n\n\n\n<p>Damit auch die am Gefl\u00fcgel interessierten G\u00e4ste der Garteneisenbahn die zu sehenden Tiere einer Art zuordnen konnten, waren an den K\u00e4figen Tafeln mit Erl\u00e4uterungen zur gezeigten Rasse angebracht.<\/p>\n","protected":false},"excerpt":{"rendered":"<p>Vereinsaktivit\u00e4ten 2023 &#8211; ein kurzer R\u00fcckblick Bevor auf der Jahreshauptversammlung im M\u00e4rz 2024 die neuen Programmpunkte der Vereinsaktivit\u00e4ten besprochen und gegebenenfalls festgelegt werden, m\u00f6chte ich in diesem Bericht einmal auf einige Aktivit\u00e4ten und gemeinsame Veranstaltungen der Vergangenheit im Jahre 2023 zur\u00fcck schauen. Die Eierschau am 1. Mai, die Aktion P\u00f6tte sp\u00fclen und der Vereinsausflug nach [&hellip;]<\/p>\n","protected":false},"author":1,"featured_media":0,"comment_status":"closed","ping_status":"","sticky":false,"template":"","format":"standard","meta":{"footnotes":""},"categories":[5],"tags":[17,16,18],"_links":{"self":[{"href":"https:\/\/rgzv-radevormwald.de\/index.php?rest_route=\/wp\/v2\/posts\/338"}],"collection":[{"href":"https:\/\/rgzv-radevormwald.de\/index.php?rest_route=\/wp\/v2\/posts"}],"about":[{"href":"https:\/\/rgzv-radevormwald.de\/index.php?rest_route=\/wp\/v2\/types\/post"}],"author":[{"embeddable":true,"href":"https:\/\/rgzv-radevormwald.de\/index.php?rest_route=\/wp\/v2\/users\/1"}],"replies":[{"embeddable":true,"href":"https:\/\/rgzv-radevormwald.de\/index.php?rest_route=%2Fwp%2Fv2%2Fcomments&post=338"}],"version-history":[{"count":15,"href":"https:\/\/rgzv-radevormwald.de\/index.php?rest_route=\/wp\/v2\/posts\/338\/revisions"}],"predecessor-version":[{"id":366,"href":"https:\/\/rgzv-radevormwald.de\/index.php?rest_route=\/wp\/v2\/posts\/338\/revisions\/366"}],"wp:attachment":[{"href":"https:\/\/rgzv-radevormwald.de\/index.php?rest_route=%2Fwp%2Fv2%2Fmedia&parent=338"}],"wp:term":[{"taxonomy":"category","embeddable":true,"href":"https:\/\/rgzv-radevormwald.de\/index.php?rest_route=%2Fwp%2Fv2%2Fcategories&post=338"},{"taxonomy":"post_tag","embeddable":true,"href":"https:\/\/rgzv-radevormwald.de\/index.php?rest_route=%2Fwp%2Fv2%2Ftags&post=338"}],"curies":[{"name":"wp","href":"https:\/\/api.w.org\/{rel}","templated":true}]}}