{"id":384,"date":"2024-05-20T15:18:20","date_gmt":"2024-05-20T15:18:20","guid":{"rendered":"https:\/\/rgzv-radevormwald.de\/?p=384"},"modified":"2024-05-20T15:18:20","modified_gmt":"2024-05-20T15:18:20","slug":"am-teich","status":"publish","type":"post","link":"https:\/\/rgzv-radevormwald.de\/?p=384","title":{"rendered":"Am Teich"},"content":{"rendered":"\n<p><strong>Wassergefl\u00fcgel in Kottmannshausen &#8211; Beobachtungen vom Ufer aus<\/strong><\/p>\n\n\n\n<p>Aufnahmen von Wolfgang Zielke und seiner Wildkamera. Die Fotos entstanden \u00fcber einen Zeitraum von etwa 6 Wochen. Von den cirka 1600 entandenen Bildern hier eine kleine Auswahl:<\/p>\n\n\n\n<figure class=\"wp-block-image size-large\"><img loading=\"lazy\" decoding=\"async\" width=\"1024\" height=\"543\" src=\"https:\/\/rgzv-radevormwald.de\/wp-content\/uploads\/2024\/05\/T-Wildenten_im_Morgengrauen-1024x543.jpg\" alt=\"\" class=\"wp-image-385\" srcset=\"https:\/\/rgzv-radevormwald.de\/wp-content\/uploads\/2024\/05\/T-Wildenten_im_Morgengrauen-1024x543.jpg 1024w, https:\/\/rgzv-radevormwald.de\/wp-content\/uploads\/2024\/05\/T-Wildenten_im_Morgengrauen-300x159.jpg 300w, https:\/\/rgzv-radevormwald.de\/wp-content\/uploads\/2024\/05\/T-Wildenten_im_Morgengrauen-768x407.jpg 768w, https:\/\/rgzv-radevormwald.de\/wp-content\/uploads\/2024\/05\/T-Wildenten_im_Morgengrauen-1536x814.jpg 1536w, https:\/\/rgzv-radevormwald.de\/wp-content\/uploads\/2024\/05\/T-Wildenten_im_Morgengrauen-2048x1085.jpg 2048w\" sizes=\"(max-width: 1024px) 100vw, 1024px\" \/><figcaption class=\"wp-element-caption\">Schon fr\u00fch um 6 Uhr am Morgen schwimmen Wildenten auf dem Teich.<\/figcaption><\/figure>\n\n\n\n<figure class=\"wp-block-image size-large\"><img loading=\"lazy\" decoding=\"async\" width=\"1024\" height=\"541\" src=\"https:\/\/rgzv-radevormwald.de\/wp-content\/uploads\/2024\/05\/T-Laufenten-schwimmen-1024x541.jpg\" alt=\"\" class=\"wp-image-386\" srcset=\"https:\/\/rgzv-radevormwald.de\/wp-content\/uploads\/2024\/05\/T-Laufenten-schwimmen-1024x541.jpg 1024w, https:\/\/rgzv-radevormwald.de\/wp-content\/uploads\/2024\/05\/T-Laufenten-schwimmen-300x158.jpg 300w, https:\/\/rgzv-radevormwald.de\/wp-content\/uploads\/2024\/05\/T-Laufenten-schwimmen-768x406.jpg 768w, https:\/\/rgzv-radevormwald.de\/wp-content\/uploads\/2024\/05\/T-Laufenten-schwimmen-1536x811.jpg 1536w, https:\/\/rgzv-radevormwald.de\/wp-content\/uploads\/2024\/05\/T-Laufenten-schwimmen-2048x1082.jpg 2048w, https:\/\/rgzv-radevormwald.de\/wp-content\/uploads\/2024\/05\/T-Laufenten-schwimmen-720x380.jpg 720w\" sizes=\"(max-width: 1024px) 100vw, 1024px\" \/><figcaption class=\"wp-element-caption\">Wenn die Horde Laufentenerpel den Tich entern, sind die Wildenten auf und davon.<\/figcaption><\/figure>\n\n\n\n<figure class=\"wp-block-image size-large\"><img loading=\"lazy\" decoding=\"async\" width=\"1024\" height=\"542\" src=\"https:\/\/rgzv-radevormwald.de\/wp-content\/uploads\/2024\/05\/T-Wildenten-tauchen-1024x542.jpg\" alt=\"\" class=\"wp-image-387\" srcset=\"https:\/\/rgzv-radevormwald.de\/wp-content\/uploads\/2024\/05\/T-Wildenten-tauchen-1024x542.jpg 1024w, https:\/\/rgzv-radevormwald.de\/wp-content\/uploads\/2024\/05\/T-Wildenten-tauchen-300x159.jpg 300w, https:\/\/rgzv-radevormwald.de\/wp-content\/uploads\/2024\/05\/T-Wildenten-tauchen-768x406.jpg 768w, https:\/\/rgzv-radevormwald.de\/wp-content\/uploads\/2024\/05\/T-Wildenten-tauchen-1536x812.jpg 1536w, https:\/\/rgzv-radevormwald.de\/wp-content\/uploads\/2024\/05\/T-Wildenten-tauchen-2048x1083.jpg 2048w, https:\/\/rgzv-radevormwald.de\/wp-content\/uploads\/2024\/05\/T-Wildenten-tauchen-720x380.jpg 720w\" sizes=\"(max-width: 1024px) 100vw, 1024px\" \/><figcaption class=\"wp-element-caption\">Wenn die Laufenten genug vom Wasser haben, fliegen die Wildenten wieder aufs Wasser und tauchen dort sogleich wieder ab. Sie suchen am Grund nach Nahrhaftem. Das gab erinnert an ein Lied: &#8222;K\u00f6pfchen in das Wasser, Schw\u00e4nzchen in die H\u00f6h&#8230;&#8220;<\/figcaption><\/figure>\n\n\n\n<figure class=\"wp-block-image size-large\"><img loading=\"lazy\" decoding=\"async\" width=\"1024\" height=\"545\" src=\"https:\/\/rgzv-radevormwald.de\/wp-content\/uploads\/2024\/05\/T-Wildgans-1024x545.jpg\" alt=\"\" class=\"wp-image-388\" srcset=\"https:\/\/rgzv-radevormwald.de\/wp-content\/uploads\/2024\/05\/T-Wildgans-1024x545.jpg 1024w, https:\/\/rgzv-radevormwald.de\/wp-content\/uploads\/2024\/05\/T-Wildgans-300x160.jpg 300w, https:\/\/rgzv-radevormwald.de\/wp-content\/uploads\/2024\/05\/T-Wildgans-768x409.jpg 768w, https:\/\/rgzv-radevormwald.de\/wp-content\/uploads\/2024\/05\/T-Wildgans-1536x818.jpg 1536w, https:\/\/rgzv-radevormwald.de\/wp-content\/uploads\/2024\/05\/T-Wildgans-2048x1090.jpg 2048w\" sizes=\"(max-width: 1024px) 100vw, 1024px\" \/><figcaption class=\"wp-element-caption\">Die Nilgans schaut, ob sie auch eine Runde schwimmen kann. Scheinbar ist die Luft rein&#8230;<\/figcaption><\/figure>\n\n\n\n<figure class=\"wp-block-image size-large\"><img loading=\"lazy\" decoding=\"async\" width=\"1024\" height=\"545\" src=\"https:\/\/rgzv-radevormwald.de\/wp-content\/uploads\/2024\/05\/T-Wildgaense2-1024x545.jpg\" alt=\"\" class=\"wp-image-389\" srcset=\"https:\/\/rgzv-radevormwald.de\/wp-content\/uploads\/2024\/05\/T-Wildgaense2-1024x545.jpg 1024w, https:\/\/rgzv-radevormwald.de\/wp-content\/uploads\/2024\/05\/T-Wildgaense2-300x160.jpg 300w, https:\/\/rgzv-radevormwald.de\/wp-content\/uploads\/2024\/05\/T-Wildgaense2-768x409.jpg 768w, https:\/\/rgzv-radevormwald.de\/wp-content\/uploads\/2024\/05\/T-Wildgaense2-1536x818.jpg 1536w, https:\/\/rgzv-radevormwald.de\/wp-content\/uploads\/2024\/05\/T-Wildgaense2-2048x1091.jpg 2048w\" sizes=\"(max-width: 1024px) 100vw, 1024px\" \/><figcaption class=\"wp-element-caption\">Und schwups, da sind die Wildg\u00e4nse auch schon auf dem Wasser.<\/figcaption><\/figure>\n\n\n\n<figure class=\"wp-block-image size-large\"><img loading=\"lazy\" decoding=\"async\" width=\"1024\" height=\"544\" src=\"https:\/\/rgzv-radevormwald.de\/wp-content\/uploads\/2024\/05\/T-Alarmstart_Wildgaense-1024x544.jpg\" alt=\"\" class=\"wp-image-398\" srcset=\"https:\/\/rgzv-radevormwald.de\/wp-content\/uploads\/2024\/05\/T-Alarmstart_Wildgaense-1024x544.jpg 1024w, https:\/\/rgzv-radevormwald.de\/wp-content\/uploads\/2024\/05\/T-Alarmstart_Wildgaense-300x159.jpg 300w, https:\/\/rgzv-radevormwald.de\/wp-content\/uploads\/2024\/05\/T-Alarmstart_Wildgaense-768x408.jpg 768w, https:\/\/rgzv-radevormwald.de\/wp-content\/uploads\/2024\/05\/T-Alarmstart_Wildgaense-1536x816.jpg 1536w, https:\/\/rgzv-radevormwald.de\/wp-content\/uploads\/2024\/05\/T-Alarmstart_Wildgaense-2048x1088.jpg 2048w\" sizes=\"(max-width: 1024px) 100vw, 1024px\" \/><figcaption class=\"wp-element-caption\">Au weia, die Pilgrimg\u00e4nse kommen&#8230;<\/figcaption><\/figure>\n\n\n\n<figure class=\"wp-block-image size-large\"><img loading=\"lazy\" decoding=\"async\" width=\"1024\" height=\"538\" src=\"https:\/\/rgzv-radevormwald.de\/wp-content\/uploads\/2024\/05\/T-Alarmstart_Wildgaense1-1024x538.jpg\" alt=\"\" class=\"wp-image-399\" srcset=\"https:\/\/rgzv-radevormwald.de\/wp-content\/uploads\/2024\/05\/T-Alarmstart_Wildgaense1-1024x538.jpg 1024w, https:\/\/rgzv-radevormwald.de\/wp-content\/uploads\/2024\/05\/T-Alarmstart_Wildgaense1-300x158.jpg 300w, https:\/\/rgzv-radevormwald.de\/wp-content\/uploads\/2024\/05\/T-Alarmstart_Wildgaense1-768x403.jpg 768w, https:\/\/rgzv-radevormwald.de\/wp-content\/uploads\/2024\/05\/T-Alarmstart_Wildgaense1-1536x806.jpg 1536w, https:\/\/rgzv-radevormwald.de\/wp-content\/uploads\/2024\/05\/T-Alarmstart_Wildgaense1-2048x1075.jpg 2048w\" sizes=\"(max-width: 1024px) 100vw, 1024px\" \/><figcaption class=\"wp-element-caption\">Nix wie &#8222;wech&#8220;&#8230;<\/figcaption><\/figure>\n\n\n\n<figure class=\"wp-block-image size-large\"><img loading=\"lazy\" decoding=\"async\" width=\"1024\" height=\"543\" src=\"https:\/\/rgzv-radevormwald.de\/wp-content\/uploads\/2024\/05\/T-Alarmstart_Wildgaense2-1024x543.jpg\" alt=\"\" class=\"wp-image-400\" srcset=\"https:\/\/rgzv-radevormwald.de\/wp-content\/uploads\/2024\/05\/T-Alarmstart_Wildgaense2-1024x543.jpg 1024w, https:\/\/rgzv-radevormwald.de\/wp-content\/uploads\/2024\/05\/T-Alarmstart_Wildgaense2-300x159.jpg 300w, https:\/\/rgzv-radevormwald.de\/wp-content\/uploads\/2024\/05\/T-Alarmstart_Wildgaense2-768x407.jpg 768w, https:\/\/rgzv-radevormwald.de\/wp-content\/uploads\/2024\/05\/T-Alarmstart_Wildgaense2-1536x814.jpg 1536w, https:\/\/rgzv-radevormwald.de\/wp-content\/uploads\/2024\/05\/T-Alarmstart_Wildgaense2-2048x1085.jpg 2048w\" sizes=\"(max-width: 1024px) 100vw, 1024px\" \/><figcaption class=\"wp-element-caption\">Geschafft! In der Luft.<\/figcaption><\/figure>\n\n\n\n<figure class=\"wp-block-image size-large\"><img loading=\"lazy\" decoding=\"async\" width=\"1024\" height=\"546\" src=\"https:\/\/rgzv-radevormwald.de\/wp-content\/uploads\/2024\/05\/T-Pilgrimganspaar-1024x546.jpg\" alt=\"\" class=\"wp-image-390\" srcset=\"https:\/\/rgzv-radevormwald.de\/wp-content\/uploads\/2024\/05\/T-Pilgrimganspaar-1024x546.jpg 1024w, https:\/\/rgzv-radevormwald.de\/wp-content\/uploads\/2024\/05\/T-Pilgrimganspaar-300x160.jpg 300w, https:\/\/rgzv-radevormwald.de\/wp-content\/uploads\/2024\/05\/T-Pilgrimganspaar-768x410.jpg 768w, https:\/\/rgzv-radevormwald.de\/wp-content\/uploads\/2024\/05\/T-Pilgrimganspaar-1536x820.jpg 1536w, https:\/\/rgzv-radevormwald.de\/wp-content\/uploads\/2024\/05\/T-Pilgrimganspaar-2048x1093.jpg 2048w\" sizes=\"(max-width: 1024px) 100vw, 1024px\" \/><figcaption class=\"wp-element-caption\">Die Pilgrimg\u00e4nse haben die scheuen Wildg\u00e4nse erfolgreich vertrieben. Nur manchmal schwimmen sie gemeinsam mit den wilden Schwestern und Br\u00fcdern. Dann aber mit ordentlichem Abstand.<\/figcaption><\/figure>\n\n\n\n<figure class=\"wp-block-image size-large\"><img loading=\"lazy\" decoding=\"async\" width=\"1024\" height=\"612\" src=\"https:\/\/rgzv-radevormwald.de\/wp-content\/uploads\/2024\/05\/T-Reviekampf_auf_dem_Wasser-1024x612.jpg\" alt=\"\" class=\"wp-image-391\" srcset=\"https:\/\/rgzv-radevormwald.de\/wp-content\/uploads\/2024\/05\/T-Reviekampf_auf_dem_Wasser-1024x612.jpg 1024w, https:\/\/rgzv-radevormwald.de\/wp-content\/uploads\/2024\/05\/T-Reviekampf_auf_dem_Wasser-300x179.jpg 300w, https:\/\/rgzv-radevormwald.de\/wp-content\/uploads\/2024\/05\/T-Reviekampf_auf_dem_Wasser-768x459.jpg 768w, https:\/\/rgzv-radevormwald.de\/wp-content\/uploads\/2024\/05\/T-Reviekampf_auf_dem_Wasser-1536x918.jpg 1536w, https:\/\/rgzv-radevormwald.de\/wp-content\/uploads\/2024\/05\/T-Reviekampf_auf_dem_Wasser-2048x1224.jpg 2048w\" sizes=\"(max-width: 1024px) 100vw, 1024px\" \/><figcaption class=\"wp-element-caption\">Wenn dann zwei Pilgrim-Ganter mit ihren G\u00e4nsen sich in die Quere kommen, dann gibt es Zoff auf dem Wasser.<\/figcaption><\/figure>\n\n\n\n<figure class=\"wp-block-image size-large\"><img loading=\"lazy\" decoding=\"async\" width=\"1024\" height=\"538\" src=\"https:\/\/rgzv-radevormwald.de\/wp-content\/uploads\/2024\/05\/T-Gerangel-1024x538.jpg\" alt=\"\" class=\"wp-image-392\" srcset=\"https:\/\/rgzv-radevormwald.de\/wp-content\/uploads\/2024\/05\/T-Gerangel-1024x538.jpg 1024w, https:\/\/rgzv-radevormwald.de\/wp-content\/uploads\/2024\/05\/T-Gerangel-300x158.jpg 300w, https:\/\/rgzv-radevormwald.de\/wp-content\/uploads\/2024\/05\/T-Gerangel-768x404.jpg 768w, https:\/\/rgzv-radevormwald.de\/wp-content\/uploads\/2024\/05\/T-Gerangel-1536x807.jpg 1536w, https:\/\/rgzv-radevormwald.de\/wp-content\/uploads\/2024\/05\/T-Gerangel-2048x1077.jpg 2048w\" sizes=\"(max-width: 1024px) 100vw, 1024px\" \/><figcaption class=\"wp-element-caption\">Dem ziemlich gutm\u00fctigen Ganter der H\u00f6ckerg\u00e4nse wurde es auch zu bunt mit einem der Pilgrimganter. An Land scheuchen eher die Pilgrimg\u00e4nse die H\u00f6ckerg\u00e4nse&#8230;. Aber auf dem Wasser dominiert der H\u00f6ckerganganter! Da schlagen nicht nur die Fl\u00fcgel, sondern auch die Wellen.<\/figcaption><\/figure>\n\n\n\n<figure class=\"wp-block-image size-large\"><img loading=\"lazy\" decoding=\"async\" width=\"1024\" height=\"541\" src=\"https:\/\/rgzv-radevormwald.de\/wp-content\/uploads\/2024\/05\/T-Hoeckergaense3-1024x541.jpg\" alt=\"\" class=\"wp-image-393\" srcset=\"https:\/\/rgzv-radevormwald.de\/wp-content\/uploads\/2024\/05\/T-Hoeckergaense3-1024x541.jpg 1024w, https:\/\/rgzv-radevormwald.de\/wp-content\/uploads\/2024\/05\/T-Hoeckergaense3-300x158.jpg 300w, https:\/\/rgzv-radevormwald.de\/wp-content\/uploads\/2024\/05\/T-Hoeckergaense3-768x406.jpg 768w, https:\/\/rgzv-radevormwald.de\/wp-content\/uploads\/2024\/05\/T-Hoeckergaense3-1536x811.jpg 1536w, https:\/\/rgzv-radevormwald.de\/wp-content\/uploads\/2024\/05\/T-Hoeckergaense3-2048x1082.jpg 2048w, https:\/\/rgzv-radevormwald.de\/wp-content\/uploads\/2024\/05\/T-Hoeckergaense3-720x380.jpg 720w\" sizes=\"(max-width: 1024px) 100vw, 1024px\" \/><figcaption class=\"wp-element-caption\">Der Teich geh\u00f6rt nun den H\u00f6ckerg\u00e4nsen.<\/figcaption><\/figure>\n\n\n\n<figure class=\"wp-block-image size-large\"><img loading=\"lazy\" decoding=\"async\" width=\"1024\" height=\"541\" src=\"https:\/\/rgzv-radevormwald.de\/wp-content\/uploads\/2024\/05\/T-Wildentenerpel-1024x541.jpg\" alt=\"\" class=\"wp-image-394\" srcset=\"https:\/\/rgzv-radevormwald.de\/wp-content\/uploads\/2024\/05\/T-Wildentenerpel-1024x541.jpg 1024w, https:\/\/rgzv-radevormwald.de\/wp-content\/uploads\/2024\/05\/T-Wildentenerpel-300x159.jpg 300w, https:\/\/rgzv-radevormwald.de\/wp-content\/uploads\/2024\/05\/T-Wildentenerpel-768x406.jpg 768w, https:\/\/rgzv-radevormwald.de\/wp-content\/uploads\/2024\/05\/T-Wildentenerpel-1536x812.jpg 1536w, https:\/\/rgzv-radevormwald.de\/wp-content\/uploads\/2024\/05\/T-Wildentenerpel-2048x1083.jpg 2048w, https:\/\/rgzv-radevormwald.de\/wp-content\/uploads\/2024\/05\/T-Wildentenerpel-720x380.jpg 720w\" sizes=\"(max-width: 1024px) 100vw, 1024px\" \/><figcaption class=\"wp-element-caption\">Ein einsamer Wildentenerpel ist gelandet. Seine Ente br\u00fctet wahrscheinlich in der N\u00e4he im hohen Gras nah am Bachufer.<\/figcaption><\/figure>\n\n\n\n<figure class=\"wp-block-image size-large\"><img loading=\"lazy\" decoding=\"async\" width=\"1024\" height=\"541\" src=\"https:\/\/rgzv-radevormwald.de\/wp-content\/uploads\/2024\/05\/T-Reiher2-1024x541.jpg\" alt=\"\" class=\"wp-image-395\" srcset=\"https:\/\/rgzv-radevormwald.de\/wp-content\/uploads\/2024\/05\/T-Reiher2-1024x541.jpg 1024w, https:\/\/rgzv-radevormwald.de\/wp-content\/uploads\/2024\/05\/T-Reiher2-300x159.jpg 300w, https:\/\/rgzv-radevormwald.de\/wp-content\/uploads\/2024\/05\/T-Reiher2-768x406.jpg 768w, https:\/\/rgzv-radevormwald.de\/wp-content\/uploads\/2024\/05\/T-Reiher2-1536x812.jpg 1536w, https:\/\/rgzv-radevormwald.de\/wp-content\/uploads\/2024\/05\/T-Reiher2-2048x1083.jpg 2048w, https:\/\/rgzv-radevormwald.de\/wp-content\/uploads\/2024\/05\/T-Reiher2-720x380.jpg 720w\" sizes=\"(max-width: 1024px) 100vw, 1024px\" \/><figcaption class=\"wp-element-caption\">Regem\u00e4\u00dfig schaut auch der Fischreiher vorbei und stakt durch das Wasser.<\/figcaption><\/figure>\n\n\n\n<figure class=\"wp-block-image size-large\"><img loading=\"lazy\" decoding=\"async\" width=\"1024\" height=\"543\" src=\"https:\/\/rgzv-radevormwald.de\/wp-content\/uploads\/2024\/05\/T-Reiher-1024x543.jpg\" alt=\"\" class=\"wp-image-396\" srcset=\"https:\/\/rgzv-radevormwald.de\/wp-content\/uploads\/2024\/05\/T-Reiher-1024x543.jpg 1024w, https:\/\/rgzv-radevormwald.de\/wp-content\/uploads\/2024\/05\/T-Reiher-300x159.jpg 300w, https:\/\/rgzv-radevormwald.de\/wp-content\/uploads\/2024\/05\/T-Reiher-768x407.jpg 768w, https:\/\/rgzv-radevormwald.de\/wp-content\/uploads\/2024\/05\/T-Reiher-1536x814.jpg 1536w, https:\/\/rgzv-radevormwald.de\/wp-content\/uploads\/2024\/05\/T-Reiher-2048x1086.jpg 2048w\" sizes=\"(max-width: 1024px) 100vw, 1024px\" \/><figcaption class=\"wp-element-caption\">Falls er nicht gest\u00f6rt wird, steht der Reiher oft ziemlich lange bewegungslos im Wasser und beobachtet Bewegungen im Wasser.<\/figcaption><\/figure>\n\n\n\n<figure class=\"wp-block-image size-large\"><img loading=\"lazy\" decoding=\"async\" width=\"1024\" height=\"545\" src=\"https:\/\/rgzv-radevormwald.de\/wp-content\/uploads\/2024\/05\/T-Rabe_im_Regen-1024x545.jpg\" alt=\"\" class=\"wp-image-397\" srcset=\"https:\/\/rgzv-radevormwald.de\/wp-content\/uploads\/2024\/05\/T-Rabe_im_Regen-1024x545.jpg 1024w, https:\/\/rgzv-radevormwald.de\/wp-content\/uploads\/2024\/05\/T-Rabe_im_Regen-300x160.jpg 300w, https:\/\/rgzv-radevormwald.de\/wp-content\/uploads\/2024\/05\/T-Rabe_im_Regen-768x408.jpg 768w, https:\/\/rgzv-radevormwald.de\/wp-content\/uploads\/2024\/05\/T-Rabe_im_Regen-1536x817.jpg 1536w, https:\/\/rgzv-radevormwald.de\/wp-content\/uploads\/2024\/05\/T-Rabe_im_Regen-2048x1089.jpg 2048w\" sizes=\"(max-width: 1024px) 100vw, 1024px\" \/><figcaption class=\"wp-element-caption\">Im str\u00f6menden Regen schaut sogar mal ein Rabe am Wasser vorbei.<\/figcaption><\/figure>\n","protected":false},"excerpt":{"rendered":"<p>Wassergefl\u00fcgel in Kottmannshausen &#8211; Beobachtungen vom Ufer aus Aufnahmen von Wolfgang Zielke und seiner Wildkamera. Die Fotos entstanden \u00fcber einen Zeitraum von etwa 6 Wochen. Von den cirka 1600 entandenen Bildern hier eine kleine Auswahl:<\/p>\n","protected":false},"author":1,"featured_media":0,"comment_status":"closed","ping_status":"","sticky":false,"template":"","format":"standard","meta":{"footnotes":""},"categories":[12],"tags":[],"_links":{"self":[{"href":"https:\/\/rgzv-radevormwald.de\/index.php?rest_route=\/wp\/v2\/posts\/384"}],"collection":[{"href":"https:\/\/rgzv-radevormwald.de\/index.php?rest_route=\/wp\/v2\/posts"}],"about":[{"href":"https:\/\/rgzv-radevormwald.de\/index.php?rest_route=\/wp\/v2\/types\/post"}],"author":[{"embeddable":true,"href":"https:\/\/rgzv-radevormwald.de\/index.php?rest_route=\/wp\/v2\/users\/1"}],"replies":[{"embeddable":true,"href":"https:\/\/rgzv-radevormwald.de\/index.php?rest_route=%2Fwp%2Fv2%2Fcomments&post=384"}],"version-history":[{"count":1,"href":"https:\/\/rgzv-radevormwald.de\/index.php?rest_route=\/wp\/v2\/posts\/384\/revisions"}],"predecessor-version":[{"id":401,"href":"https:\/\/rgzv-radevormwald.de\/index.php?rest_route=\/wp\/v2\/posts\/384\/revisions\/401"}],"wp:attachment":[{"href":"https:\/\/rgzv-radevormwald.de\/index.php?rest_route=%2Fwp%2Fv2%2Fmedia&parent=384"}],"wp:term":[{"taxonomy":"category","embeddable":true,"href":"https:\/\/rgzv-radevormwald.de\/index.php?rest_route=%2Fwp%2Fv2%2Fcategories&post=384"},{"taxonomy":"post_tag","embeddable":true,"href":"https:\/\/rgzv-radevormwald.de\/index.php?rest_route=%2Fwp%2Fv2%2Ftags&post=384"}],"curies":[{"name":"wp","href":"https:\/\/api.w.org\/{rel}","templated":true}]}}