{"id":495,"date":"2025-01-14T15:41:49","date_gmt":"2025-01-14T15:41:49","guid":{"rendered":"https:\/\/rgzv-radevormwald.de\/?p=495"},"modified":"2025-01-14T17:25:21","modified_gmt":"2025-01-14T17:25:21","slug":"dezember-2024-jahresabschlussversammlung","status":"publish","type":"post","link":"https:\/\/rgzv-radevormwald.de\/?p=495","title":{"rendered":"Dezember 2024 &#8211; Jahresabschlu\u00dfversammlung"},"content":{"rendered":"\n<p><em><strong>Weihnachtsferier &#8211; Gedichte &#8211; Gespr\u00e4che &#8211; R\u00fcckblick auf Aktivit\u00e4ten<\/strong><\/em><\/p>\n\n\n\n<figure class=\"wp-block-image size-full\"><img loading=\"lazy\" decoding=\"async\" width=\"1024\" height=\"576\" src=\"https:\/\/rgzv-radevormwald.de\/wp-content\/uploads\/2025\/01\/kl_20241220_195642.jpg\" alt=\"\" class=\"wp-image-496\" srcset=\"https:\/\/rgzv-radevormwald.de\/wp-content\/uploads\/2025\/01\/kl_20241220_195642.jpg 1024w, https:\/\/rgzv-radevormwald.de\/wp-content\/uploads\/2025\/01\/kl_20241220_195642-300x169.jpg 300w, https:\/\/rgzv-radevormwald.de\/wp-content\/uploads\/2025\/01\/kl_20241220_195642-768x432.jpg 768w\" sizes=\"(max-width: 1024px) 100vw, 1024px\" \/><\/figure>\n\n\n\n<p>Am 20 Dezember trafen sich die Mitglieder des RGZV Radevormwald an der Bevertalsperre. Bei leckerem Essen und dem einen oder anderen Kaltgetr\u00e4nk wurde der offizielle Teil recht kurz gehalten. Besprochen bzw. geplant wurden lediglich m\u00f6gliche Aktivit\u00e4ten f\u00fcr das neue Jahr.<\/p>\n\n\n\n<p>Nach dem Mahl wurden dann spontan zur Weihnachtsstimmung einige Gedichte vorgetragen. Ulrike Zech hatte f\u00fcr alle ein kleines Pr\u00e4sent vorbereitet und verteilt. Ein Schokonikolaus transportierte einen Wunsch in Form einer Geschichte zu den Beschenkten: &#8222;Weihnacht wie es fr\u00fcher war&#8220;.<\/p>\n\n\n\n<figure class=\"wp-block-image size-full\"><img loading=\"lazy\" decoding=\"async\" width=\"1024\" height=\"577\" src=\"https:\/\/rgzv-radevormwald.de\/wp-content\/uploads\/2025\/01\/kl_20241220_195543.jpg\" alt=\"\" class=\"wp-image-497\" srcset=\"https:\/\/rgzv-radevormwald.de\/wp-content\/uploads\/2025\/01\/kl_20241220_195543.jpg 1024w, https:\/\/rgzv-radevormwald.de\/wp-content\/uploads\/2025\/01\/kl_20241220_195543-300x169.jpg 300w, https:\/\/rgzv-radevormwald.de\/wp-content\/uploads\/2025\/01\/kl_20241220_195543-768x433.jpg 768w\" sizes=\"(max-width: 1024px) 100vw, 1024px\" \/><\/figure>\n\n\n\n<p>F\u00fcnf Jahre zur\u00fcck liege nun schon wieder das 125-j\u00e4hrige Vereinsjubil\u00e4um, erinnerte der Vereinsvorsitzende Zielke in seiner Rede. Eine Zeit, in welcher der Verein flei\u00dfig \u00f6ffentliche Veranstaltungen organisiert hat. Wettkr\u00e4hen, Eierbewertungs- und Gefl\u00fcgelschauen fanden bei Jung und Alt Anklang. <\/p>\n\n\n\n<p>Es seien auch bemerkenswerte Aktionen einzelner Z\u00fcchter zu vermelden. Bemerkenswert zum Beispiel das Engagement von Yvonne Witt und Marcel Jaquinet zu zwei Radevormwalder Stadtfesten. In und um ein selbstgebautes Ausstellungsh\u00e4uschen wurde Gefl\u00fcgel, Gefl\u00fcgelzucht, Gefl\u00fcgelhaltung und das &#8222;Drumherum&#8220; einer breiten \u00d6ffentlichkeit n\u00e4her gebracht.<\/p>\n\n\n\n<p>Die allj\u00e4hrlich im Sommer stattfindende Veranstaltung in Funkenhausen rund um das Thema P\u00f6tte sp\u00fclen erw\u00e4hnte Zielke lobend. Diese Veranstalltung mit Grillen und tollen Gespr\u00e4chen unter der Linde und auf der Terasse vorm Haus von Karin und Friedhelm Neuser, geh\u00f6re mittlerweile zum festen Bestandteil des Vereinslebens. Zumal diese Vereinaktivit\u00e4t (bis auf ein Mal&#8230;, da gab es Regen) ein Garant f\u00fcr hervorragendes Wetter und gute Stimmung ist, so der Vereinschef.<\/p>\n\n\n\n<p>Interessant, so Zielke im R\u00fcckblick, w\u00e4re auch die Beobachtung des Brutgesch\u00e4ftes eines Pilgrimganspaares mit der Kamera gewesen. Nestbau, Br\u00fcten, Gelegewanderung im Stall, Wenden der Eier, Sch\u00fctzen (vergraben und abdecken) der Eier beim Verlassen des Nestes, sowie der Schlupf von K\u00fcken seien zu verfolgen gewesen. Und die f\u00fcr ihn bemerkenswerte Tatsache, dass auch der Ganter die K\u00fcken nicht nur f\u00fchrt, sondern auch aktiv unter seine Fittiche nimmt, sei ihm bisher nicht bewu\u00dft gewesen.<br>Der 1. Vorsitzende rief dazu auf, doch ab und an mal selbst die Kamera zu z\u00fccken und das Leben auf dem eigenen Gefl\u00fcgelhof zu zeigen. Er selbst benutze dazu eine Wildkamera. Beispielsweise am Teich. Von Storch \u00fcber Reiher, Wildenten, Wildg\u00e4nse, diverse Singv\u00f6gel, Fische und Fr\u00f6sche sei da alles dabei.<\/p>\n\n\n\n<p>Ein Bild- und Videovortrag befasste sich zum Schlu\u00df mit all den oben genannten Themen. Ein angenehmer Effekt nebenbei war, dass die Bilder und Filmchen die Versammlung zu einigen Wortbeitr\u00e4gen betreffend den gezeigten Bildern animiert haben.<\/p>\n\n\n\n<figure class=\"wp-block-image size-full\"><img loading=\"lazy\" decoding=\"async\" width=\"1024\" height=\"577\" src=\"https:\/\/rgzv-radevormwald.de\/wp-content\/uploads\/2025\/01\/kl_20241220_195738.jpg\" alt=\"\" class=\"wp-image-498\" srcset=\"https:\/\/rgzv-radevormwald.de\/wp-content\/uploads\/2025\/01\/kl_20241220_195738.jpg 1024w, https:\/\/rgzv-radevormwald.de\/wp-content\/uploads\/2025\/01\/kl_20241220_195738-300x169.jpg 300w, https:\/\/rgzv-radevormwald.de\/wp-content\/uploads\/2025\/01\/kl_20241220_195738-768x433.jpg 768w\" sizes=\"(max-width: 1024px) 100vw, 1024px\" \/><\/figure>\n\n\n\n<p><em>Fotos und Text: Michael Huser<\/em><\/p>\n","protected":false},"excerpt":{"rendered":"<p>Weihnachtsferier &#8211; Gedichte &#8211; Gespr\u00e4che &#8211; R\u00fcckblick auf Aktivit\u00e4ten Am 20 Dezember trafen sich die Mitglieder des RGZV Radevormwald an der Bevertalsperre. Bei leckerem Essen und dem einen oder anderen Kaltgetr\u00e4nk wurde der offizielle Teil recht kurz gehalten. Besprochen bzw. geplant wurden lediglich m\u00f6gliche Aktivit\u00e4ten f\u00fcr das neue Jahr. Nach dem Mahl wurden dann spontan [&hellip;]<\/p>\n","protected":false},"author":1,"featured_media":0,"comment_status":"closed","ping_status":"","sticky":false,"template":"","format":"standard","meta":{"footnotes":""},"categories":[5],"tags":[],"_links":{"self":[{"href":"https:\/\/rgzv-radevormwald.de\/index.php?rest_route=\/wp\/v2\/posts\/495"}],"collection":[{"href":"https:\/\/rgzv-radevormwald.de\/index.php?rest_route=\/wp\/v2\/posts"}],"about":[{"href":"https:\/\/rgzv-radevormwald.de\/index.php?rest_route=\/wp\/v2\/types\/post"}],"author":[{"embeddable":true,"href":"https:\/\/rgzv-radevormwald.de\/index.php?rest_route=\/wp\/v2\/users\/1"}],"replies":[{"embeddable":true,"href":"https:\/\/rgzv-radevormwald.de\/index.php?rest_route=%2Fwp%2Fv2%2Fcomments&post=495"}],"version-history":[{"count":5,"href":"https:\/\/rgzv-radevormwald.de\/index.php?rest_route=\/wp\/v2\/posts\/495\/revisions"}],"predecessor-version":[{"id":504,"href":"https:\/\/rgzv-radevormwald.de\/index.php?rest_route=\/wp\/v2\/posts\/495\/revisions\/504"}],"wp:attachment":[{"href":"https:\/\/rgzv-radevormwald.de\/index.php?rest_route=%2Fwp%2Fv2%2Fmedia&parent=495"}],"wp:term":[{"taxonomy":"category","embeddable":true,"href":"https:\/\/rgzv-radevormwald.de\/index.php?rest_route=%2Fwp%2Fv2%2Fcategories&post=495"},{"taxonomy":"post_tag","embeddable":true,"href":"https:\/\/rgzv-radevormwald.de\/index.php?rest_route=%2Fwp%2Fv2%2Ftags&post=495"}],"curies":[{"name":"wp","href":"https:\/\/api.w.org\/{rel}","templated":true}]}}